{"id":23337,"date":"2025-10-30T08:26:05","date_gmt":"2025-10-30T07:26:05","guid":{"rendered":"https:\/\/tz-novi-vinodolski.hr\/?p=23337"},"modified":"2025-10-30T09:04:59","modified_gmt":"2025-10-30T08:04:59","slug":"die-vorstellung-des-projekts-kvarner-europaeische-gastronomieregion-2026-fand-statt","status":"publish","type":"post","link":"https:\/\/tz-novi-vinodolski.hr\/de\/die-vorstellung-des-projekts-kvarner-europaeische-gastronomieregion-2026-fand-statt\/","title":{"rendered":"Die Vorstellung des Projekts Kvarner \u2013 Europ\u00e4ische Gastronomieregion 2026. fand statt"},"content":{"rendered":"<p data-start=\"5932\" data-end=\"6276\">Im Hotel Esplanade in Crikvenica fand am 28. Oktober der erste Teil der Schulung und Pr\u00e4sentation des Projekts <em data-start=\"6043\" data-end=\"6089\">Kvarner \u2013 Europ\u00e4ische Gastronomieregion 2026<\/em> statt. Organisiert wurde die Veranstaltung vom Tourismusverband Kvarner in Zusammenarbeit mit den Tourismusverb\u00e4nden der St\u00e4dte Crikvenica und Novi Vinodolski sowie der Gemeinde Vinodol.<\/p>\n<p data-start=\"6278\" data-end=\"6794\">Der erste Tag war Gastronomen, K\u00f6chen, Sommeliers, Produzenten und Medienvertretern der Riviera Crikvenica\u2013Vinodol gewidmet, die mit ihrem Wissen und ihrer Erfahrung zur F\u00f6rderung der Region beitragen werden, wenn Kvarner offiziell diesen prestigetr\u00e4chtigen Titel tr\u00e4gt. Wie Marijana Biondi\u0107, Direktorin des Tourismusverbands Crikvenica, betonte, sind Tradition und Authentizit\u00e4t die wichtigsten Gr\u00fcnde, warum Besucher bestimmte Reiseziele w\u00e4hlen \u2013 und genau diese Werte machen Kvarner und diese Region so besonders.<\/p>\n<p data-start=\"6796\" data-end=\"7808\">Gro\u00dfes Interesse zeigten zahlreiche Gastronomen und Winzer \u2013 rund drei\u00dfig Teilnehmer aus dem Tourismussektor der Riviera Crikvenica\u2013Vinodol nahmen an der Pr\u00e4sentation teil. W\u00e4hrend der Veranstaltung wurde die Bedeutung des Projekts f\u00fcr die Entwicklung des gastronomischen und \u00f6nologischen Angebots hervorgehoben, und das Programm umfasste interessante Workshops. Besonderes Interesse weckte der Wein-Workshop unter der Leitung von \u017darko Stilin vom Verein <em data-start=\"7251\" data-end=\"7266\">Vina Kvarnera<\/em>, bei dem Weine aus autochthonen Kvarner-Sorten vorgestellt wurden. Die Teilnehmer hatten die Gelegenheit, sieben verschiedene Weine zu verkosten und das reiche Erbe der lokalen Weintraditionen kennenzulernen \u2013 mit dem Ziel, diese in ihr eigenes Angebot aufzunehmen und so das Interesse der G\u00e4ste an der Destination zu f\u00f6rdern. Gro\u00dfen Zuspruch fand auch der Workshop <em data-start=\"7633\" data-end=\"7667\">Die Kunst der Oliven\u00f6lverkostung<\/em> von Marina Selak, die extra native Oliven\u00f6le aus Kvarner pr\u00e4sentierte und einen kurzen Sommelierkurs zum Erkennen ihrer Eigenschaften anbot.<\/p>\n<p data-start=\"7810\" data-end=\"8487\">Das heutige Programm umfasst einen praktischen Workshop f\u00fcr K\u00f6che und Gastronomieprofis unter der Leitung von K\u00fcchenchef Zdravko Tom\u0161i\u0107 mit dem Titel <em data-start=\"7960\" data-end=\"8016\">Blaufisch und die K\u00fcche der Riviera Crikvenica\u2013Vinodol<\/em>. Koordiniert wird der Workshop von Irina Ban, Interpretin von <em data-start=\"8079\" data-end=\"8100\">Geschmack des Erbes<\/em>, die betonte, dass die Bewahrung traditioneller Aromen auf dem Teller entscheidend f\u00fcr die Erhaltung der gastronomischen Identit\u00e4t unserer Region ist. Ob traditionelle K\u00fcche oder Fine-Dining-Konzept \u2013 die Aromen der traditionellen Gerichte machen uns unter anderen gastronomischen Regionen und L\u00e4ndern erkennbar. Auch Sch\u00fcler der Hotelfachschule Crikvenica nahmen mit ihrem Mentor teil.<\/p>\n<p data-start=\"8489\" data-end=\"8983\">Die Riviera Crikvenica\u2013Vinodol ist ein wichtiger Bestandteil des Kvarners als Gastronomieregion. Zu den kulinarischen Veranstaltungen, auf die wir stolz sind, geh\u00f6ren: <em data-start=\"8657\" data-end=\"8885\">Ostern in Crikvenica und Selce, Erdbeerfestival, Happy Selce, Meine kleine Kala, Fischerwoche, Monat des Blaufisches, Crikvenica Food &amp; Wine Walk, Altroke Food Festival, Sprudelndes Fr\u00fchst\u00fcck, Ru\u017eica Vinodola, Novljanski Gu\u0161ti<\/em> in Novi Vinodolski sowie <em data-start=\"8911\" data-end=\"8939\">das Bribir-Kuchen-Festival<\/em> und <em data-start=\"8944\" data-end=\"8971\">das Bribir-Pasta-Festival<\/em> in Vinodol.<\/p>\n","protected":false},"excerpt":{"rendered":"<p>Im Hotel Esplanade in Crikvenica fand am 28. Oktober der erste Teil der Schulung und Pr\u00e4sentation des Projekts Kvarner \u2013 Europ\u00e4ische Gastronomieregion 2026 statt. Organisiert wurde&#8230;<\/p>\n","protected":false},"author":2,"featured_media":23336,"comment_status":"closed","ping_status":"closed","sticky":false,"template":"","format":"standard","meta":{"_acf_changed":false,"footnotes":""},"categories":[19],"tags":[],"class_list":["post-23337","post","type-post","status-publish","format-standard","has-post-thumbnail","hentry","category-benachrichtigungen"],"acf":[],"_links":{"self":[{"href":"https:\/\/tz-novi-vinodolski.hr\/de\/wp-json\/wp\/v2\/posts\/23337","targetHints":{"allow":["GET"]}}],"collection":[{"href":"https:\/\/tz-novi-vinodolski.hr\/de\/wp-json\/wp\/v2\/posts"}],"about":[{"href":"https:\/\/tz-novi-vinodolski.hr\/de\/wp-json\/wp\/v2\/types\/post"}],"author":[{"embeddable":true,"href":"https:\/\/tz-novi-vinodolski.hr\/de\/wp-json\/wp\/v2\/users\/2"}],"replies":[{"embeddable":true,"href":"https:\/\/tz-novi-vinodolski.hr\/de\/wp-json\/wp\/v2\/comments?post=23337"}],"version-history":[{"count":1,"href":"https:\/\/tz-novi-vinodolski.hr\/de\/wp-json\/wp\/v2\/posts\/23337\/revisions"}],"predecessor-version":[{"id":23342,"href":"https:\/\/tz-novi-vinodolski.hr\/de\/wp-json\/wp\/v2\/posts\/23337\/revisions\/23342"}],"wp:featuredmedia":[{"embeddable":true,"href":"https:\/\/tz-novi-vinodolski.hr\/de\/wp-json\/wp\/v2\/media\/23336"}],"wp:attachment":[{"href":"https:\/\/tz-novi-vinodolski.hr\/de\/wp-json\/wp\/v2\/media?parent=23337"}],"wp:term":[{"taxonomy":"category","embeddable":true,"href":"https:\/\/tz-novi-vinodolski.hr\/de\/wp-json\/wp\/v2\/categories?post=23337"},{"taxonomy":"post_tag","embeddable":true,"href":"https:\/\/tz-novi-vinodolski.hr\/de\/wp-json\/wp\/v2\/tags?post=23337"}],"curies":[{"name":"wp","href":"https:\/\/api.w.org\/{rel}","templated":true}]}}